{"id":4874,"date":"2016-12-08T19:23:43","date_gmt":"2016-12-08T18:23:43","guid":{"rendered":"http:\/\/nmsstleonhard-forst.ac.at\/?p=4874"},"modified":"2016-12-08T19:22:30","modified_gmt":"2016-12-08T18:22:30","slug":"wir-sagen-danke","status":"publish","type":"post","link":"https:\/\/nmsstleonhard-forst.ac.at\/?p=4874","title":{"rendered":"Wir sagen DANKE!"},"content":{"rendered":"<p><a href=\"https:\/\/nmsstleonhard-forst.ac.at\/wp-content\/uploads\/2016\/12\/IMG_1613hp.jpg\"><img loading=\"lazy\" decoding=\"async\" class=\"aligncenter size-full wp-image-4875\" src=\"https:\/\/nmsstleonhard-forst.ac.at\/wp-content\/uploads\/2016\/12\/IMG_1613hp.jpg\" alt=\"img_1613hp\" width=\"800\" height=\"542\" srcset=\"https:\/\/nmsstleonhard-forst.ac.at\/wp-content\/uploads\/2016\/12\/IMG_1613hp.jpg 800w, https:\/\/nmsstleonhard-forst.ac.at\/wp-content\/uploads\/2016\/12\/IMG_1613hp-300x203.jpg 300w, https:\/\/nmsstleonhard-forst.ac.at\/wp-content\/uploads\/2016\/12\/IMG_1613hp-768x520.jpg 768w\" sizes=\"auto, (max-width: 800px) 100vw, 800px\" \/><\/a><\/p>\n<p>Nach mehr als 43 Jahren im Schuldienst ging \u00a0die langj\u00e4hrige Arbeitslehrerin SR Josefa Winter Anfang Dezember in den wohlverdienten Ruhestand. Direktorin Gabriele Mosch bedankte sich\u00a0 bei der\u00a0 Verabschiedungsfeier\u00a0 im Kollegenkreis f\u00fcr die engagierte Unterrichtst\u00e4tigkeit und \u00fcberreichte in Vertretung von Pflichtschulinspektor Dr. Wolfgang Schweiger \u201eDank und Anerkennung\u201c des Landesschulrates.<br \/>\nAls Vertreter des Schulausschusses \u00fcbergaben Vizeb\u00fcrgermeister Martin Leeb und der ehemalige Ausschussobmann Ewald Beigelbeck Blumen als Dankesch\u00f6n f\u00fcr den unerm\u00fcdlichen Einsatz an der Schule. Auch Elternvereinsobfrau Martina Wally lobte die gute Zusammenarbeit und gratulierte zum neuen Lebensabschnitt.<\/p>\n","protected":false},"excerpt":{"rendered":"<p>Nach mehr als 43 Jahren im Schuldienst ging \u00a0die langj\u00e4hrige Arbeitslehrerin SR Josefa Winter Anfang Dezember in den wohlverdienten Ruhestand. Direktorin Gabriele Mosch bedankte sich\u00a0 bei der\u00a0 Verabschiedungsfeier\u00a0 im Kollegenkreis f\u00fcr die engagierte Unterrichtst\u00e4tigkeit und \u00fcberreichte in Vertretung von Pflichtschulinspektor Dr. Wolfgang Schweiger \u201eDank und <a class=\"more-link\" href=\"https:\/\/nmsstleonhard-forst.ac.at\/?p=4874\">Weiterlesen\u00a0\u2026<\/a><\/p>\n","protected":false},"author":2,"featured_media":4875,"comment_status":"closed","ping_status":"closed","sticky":false,"template":"","format":"standard","meta":{"footnotes":""},"categories":[1],"tags":[],"class_list":["post-4874","post","type-post","status-publish","format-standard","has-post-thumbnail","hentry","category-allgemein"],"_links":{"self":[{"href":"https:\/\/nmsstleonhard-forst.ac.at\/index.php?rest_route=\/wp\/v2\/posts\/4874","targetHints":{"allow":["GET"]}}],"collection":[{"href":"https:\/\/nmsstleonhard-forst.ac.at\/index.php?rest_route=\/wp\/v2\/posts"}],"about":[{"href":"https:\/\/nmsstleonhard-forst.ac.at\/index.php?rest_route=\/wp\/v2\/types\/post"}],"author":[{"embeddable":true,"href":"https:\/\/nmsstleonhard-forst.ac.at\/index.php?rest_route=\/wp\/v2\/users\/2"}],"replies":[{"embeddable":true,"href":"https:\/\/nmsstleonhard-forst.ac.at\/index.php?rest_route=%2Fwp%2Fv2%2Fcomments&post=4874"}],"version-history":[{"count":3,"href":"https:\/\/nmsstleonhard-forst.ac.at\/index.php?rest_route=\/wp\/v2\/posts\/4874\/revisions"}],"predecessor-version":[{"id":4878,"href":"https:\/\/nmsstleonhard-forst.ac.at\/index.php?rest_route=\/wp\/v2\/posts\/4874\/revisions\/4878"}],"wp:featuredmedia":[{"embeddable":true,"href":"https:\/\/nmsstleonhard-forst.ac.at\/index.php?rest_route=\/wp\/v2\/media\/4875"}],"wp:attachment":[{"href":"https:\/\/nmsstleonhard-forst.ac.at\/index.php?rest_route=%2Fwp%2Fv2%2Fmedia&parent=4874"}],"wp:term":[{"taxonomy":"category","embeddable":true,"href":"https:\/\/nmsstleonhard-forst.ac.at\/index.php?rest_route=%2Fwp%2Fv2%2Fcategories&post=4874"},{"taxonomy":"post_tag","embeddable":true,"href":"https:\/\/nmsstleonhard-forst.ac.at\/index.php?rest_route=%2Fwp%2Fv2%2Ftags&post=4874"}],"curies":[{"name":"wp","href":"https:\/\/api.w.org\/{rel}","templated":true}]}}