{"id":4851,"date":"2016-11-21T14:57:50","date_gmt":"2016-11-21T13:57:50","guid":{"rendered":"http:\/\/nmsstleonhard-forst.ac.at\/?p=4851"},"modified":"2016-11-27T20:15:57","modified_gmt":"2016-11-27T19:15:57","slug":"miteinander-mit-grenzen","status":"publish","type":"post","link":"https:\/\/nmsstleonhard-forst.ac.at\/?p=4851","title":{"rendered":"&#8222;Miteinander mit Grenzen&#8220;"},"content":{"rendered":"<p><a href=\"https:\/\/nmsstleonhard-forst.ac.at\/wp-content\/uploads\/2016\/11\/PJH_7999hp.png\"><img loading=\"lazy\" decoding=\"async\" class=\"aligncenter size-full wp-image-4854\" src=\"https:\/\/nmsstleonhard-forst.ac.at\/wp-content\/uploads\/2016\/11\/PJH_7999hp.png\" alt=\"pjh_7999hp\" width=\"800\" height=\"532\" srcset=\"https:\/\/nmsstleonhard-forst.ac.at\/wp-content\/uploads\/2016\/11\/PJH_7999hp.png 800w, https:\/\/nmsstleonhard-forst.ac.at\/wp-content\/uploads\/2016\/11\/PJH_7999hp-300x200.png 300w, https:\/\/nmsstleonhard-forst.ac.at\/wp-content\/uploads\/2016\/11\/PJH_7999hp-768x511.png 768w\" sizes=\"auto, (max-width: 800px) 100vw, 800px\" \/><\/a>Im Mittelpunkt der &#8222;Bewegten Klasse&#8220; stand am Anfang des Schuljahres in den ersten Klassen das Thema &#8222;&#8230; seine eigenen Grenzen zu sp\u00fcren und trotzdem gemeinsam an Ziel zu kommen &#8230;&#8220;. Als Trainer stand uns dabei Mag. Ralph Wakolbinger (P\u00e4dagoge, Referent an der P\u00e4dagogischen Hochschule und Lehrbeauftragter f\u00fcr Psychomotorik) zur Verf\u00fcgung. Ein ausf\u00fchrlicher Bericht\u00a0 dar\u00fcber ist in der Ver\u00f6ffentlichung der Landeskliniken-Holding Nieder\u00f6sterreich, &#8222;GESUND &amp; LEBEN&#8220; (Nummer 10\/2016) zu lesen.<\/p>\n<p><a href=\"http:\/\/www.gesundundleben.at\/news\/article\/miteinander-mit-grenzen.html?L=0Mag&amp;cHash=2d043bd326b4ef1f012e98a7cc275ecb\" target=\"_blank\">&#8222;Miteinander mit Grenzen&#8220;<\/a><\/p>\n","protected":false},"excerpt":{"rendered":"<p>Im Mittelpunkt der &#8222;Bewegten Klasse&#8220; stand am Anfang des Schuljahres in den ersten Klassen das Thema &#8222;&#8230; seine eigenen Grenzen zu sp\u00fcren und trotzdem gemeinsam an Ziel zu kommen &#8230;&#8220;. Als Trainer stand uns dabei Mag. Ralph Wakolbinger (P\u00e4dagoge, Referent an der P\u00e4dagogischen Hochschule und <a class=\"more-link\" href=\"https:\/\/nmsstleonhard-forst.ac.at\/?p=4851\">Weiterlesen\u00a0\u2026<\/a><\/p>\n","protected":false},"author":2,"featured_media":4852,"comment_status":"closed","ping_status":"closed","sticky":false,"template":"","format":"standard","meta":{"footnotes":""},"categories":[1],"tags":[],"class_list":["post-4851","post","type-post","status-publish","format-standard","has-post-thumbnail","hentry","category-allgemein"],"_links":{"self":[{"href":"https:\/\/nmsstleonhard-forst.ac.at\/index.php?rest_route=\/wp\/v2\/posts\/4851","targetHints":{"allow":["GET"]}}],"collection":[{"href":"https:\/\/nmsstleonhard-forst.ac.at\/index.php?rest_route=\/wp\/v2\/posts"}],"about":[{"href":"https:\/\/nmsstleonhard-forst.ac.at\/index.php?rest_route=\/wp\/v2\/types\/post"}],"author":[{"embeddable":true,"href":"https:\/\/nmsstleonhard-forst.ac.at\/index.php?rest_route=\/wp\/v2\/users\/2"}],"replies":[{"embeddable":true,"href":"https:\/\/nmsstleonhard-forst.ac.at\/index.php?rest_route=%2Fwp%2Fv2%2Fcomments&post=4851"}],"version-history":[{"count":4,"href":"https:\/\/nmsstleonhard-forst.ac.at\/index.php?rest_route=\/wp\/v2\/posts\/4851\/revisions"}],"predecessor-version":[{"id":4861,"href":"https:\/\/nmsstleonhard-forst.ac.at\/index.php?rest_route=\/wp\/v2\/posts\/4851\/revisions\/4861"}],"wp:featuredmedia":[{"embeddable":true,"href":"https:\/\/nmsstleonhard-forst.ac.at\/index.php?rest_route=\/wp\/v2\/media\/4852"}],"wp:attachment":[{"href":"https:\/\/nmsstleonhard-forst.ac.at\/index.php?rest_route=%2Fwp%2Fv2%2Fmedia&parent=4851"}],"wp:term":[{"taxonomy":"category","embeddable":true,"href":"https:\/\/nmsstleonhard-forst.ac.at\/index.php?rest_route=%2Fwp%2Fv2%2Fcategories&post=4851"},{"taxonomy":"post_tag","embeddable":true,"href":"https:\/\/nmsstleonhard-forst.ac.at\/index.php?rest_route=%2Fwp%2Fv2%2Ftags&post=4851"}],"curies":[{"name":"wp","href":"https:\/\/api.w.org\/{rel}","templated":true}]}}