{"id":4823,"date":"2016-11-18T08:47:52","date_gmt":"2016-11-18T07:47:52","guid":{"rendered":"http:\/\/nmsstleonhard-forst.ac.at\/?p=4823"},"modified":"2016-11-18T09:13:25","modified_gmt":"2016-11-18T08:13:25","slug":"paedagogentag-2016","status":"publish","type":"post","link":"https:\/\/nmsstleonhard-forst.ac.at\/?p=4823","title":{"rendered":"P\u00e4dagogentag 2016"},"content":{"rendered":"<p><a href=\"https:\/\/nmsstleonhard-forst.ac.at\/wp-content\/uploads\/2016\/11\/PJH_7819a-hp.jpg\"><img loading=\"lazy\" decoding=\"async\" class=\"alignnone size-full wp-image-4825\" src=\"https:\/\/nmsstleonhard-forst.ac.at\/wp-content\/uploads\/2016\/11\/PJH_7819a-hp.jpg\" alt=\"pjh_7819a-hp\" width=\"800\" height=\"348\" srcset=\"https:\/\/nmsstleonhard-forst.ac.at\/wp-content\/uploads\/2016\/11\/PJH_7819a-hp.jpg 800w, https:\/\/nmsstleonhard-forst.ac.at\/wp-content\/uploads\/2016\/11\/PJH_7819a-hp-300x131.jpg 300w, https:\/\/nmsstleonhard-forst.ac.at\/wp-content\/uploads\/2016\/11\/PJH_7819a-hp-768x334.jpg 768w\" sizes=\"auto, (max-width: 800px) 100vw, 800px\" \/><\/a>Am Montag, den 14. November, kamen die LehrerInnen der Pflichtschulen im Ort in der Neuen Mittelschule zu einer gemeinsamen Fortbildung zusammen. Dipl. P\u00e4d. Prof. Eva Theissl informierte zum Thema \u201eBegabungsf\u00f6rderung im Unterricht\u201c.\u00a0 Im Mittelpunkt standen ihre Erfahrungen mit Mehrstufenklassen in der H\u00fcgellandschule, einer Ganztagsschule\u00a0 bei Graz. Sie gab den P\u00e4dagogInnen viele Tipps f\u00fcr die Praxis mit. Nach einem gemeinsamen Mittagessen, das auch M\u00f6glichkeiten zum Erfahrungsaustausch bot, stand im zweiten Teil des Tages ziel- und l\u00f6sungsorientiertes Handeln im Vordergrund. Prof. Ing. Daniel Passweg beschrieb Werte als Motivationsf\u00f6rderer und erarbeitete mit den TeilnehmerInnen eine pers\u00f6nliche Werteskala.<\/p>\n<p><a href=\"https:\/\/nmsstleonhard-forst.ac.at\/wp-content\/uploads\/2016\/11\/PJH_7820-hp.jpg\"><img loading=\"lazy\" decoding=\"async\" class=\"alignnone size-full wp-image-4828\" src=\"https:\/\/nmsstleonhard-forst.ac.at\/wp-content\/uploads\/2016\/11\/PJH_7820-hp.jpg\" alt=\"pjh_7820-hp\" width=\"800\" height=\"326\" srcset=\"https:\/\/nmsstleonhard-forst.ac.at\/wp-content\/uploads\/2016\/11\/PJH_7820-hp.jpg 800w, https:\/\/nmsstleonhard-forst.ac.at\/wp-content\/uploads\/2016\/11\/PJH_7820-hp-300x122.jpg 300w, https:\/\/nmsstleonhard-forst.ac.at\/wp-content\/uploads\/2016\/11\/PJH_7820-hp-768x313.jpg 768w\" sizes=\"auto, (max-width: 800px) 100vw, 800px\" \/><\/a><\/p>\n<p><a href=\"https:\/\/nmsstleonhard-forst.ac.at\/wp-content\/uploads\/2016\/11\/Collage2er.png\"><img loading=\"lazy\" decoding=\"async\" class=\"alignnone size-full wp-image-4824\" src=\"https:\/\/nmsstleonhard-forst.ac.at\/wp-content\/uploads\/2016\/11\/Collage2er.png\" alt=\"collage2er\" width=\"720\" height=\"233\" srcset=\"https:\/\/nmsstleonhard-forst.ac.at\/wp-content\/uploads\/2016\/11\/Collage2er.png 720w, https:\/\/nmsstleonhard-forst.ac.at\/wp-content\/uploads\/2016\/11\/Collage2er-300x97.png 300w\" sizes=\"auto, (max-width: 720px) 100vw, 720px\" \/><\/a><\/p>\n","protected":false},"excerpt":{"rendered":"<p>Am Montag, den 14. November, kamen die LehrerInnen der Pflichtschulen im Ort in der Neuen Mittelschule zu einer gemeinsamen Fortbildung zusammen. Dipl. P\u00e4d. Prof. Eva Theissl informierte zum Thema \u201eBegabungsf\u00f6rderung im Unterricht\u201c.\u00a0 Im Mittelpunkt standen ihre Erfahrungen mit Mehrstufenklassen in der H\u00fcgellandschule, einer Ganztagsschule\u00a0 bei <a class=\"more-link\" href=\"https:\/\/nmsstleonhard-forst.ac.at\/?p=4823\">Weiterlesen\u00a0\u2026<\/a><\/p>\n","protected":false},"author":2,"featured_media":4829,"comment_status":"closed","ping_status":"closed","sticky":false,"template":"","format":"standard","meta":{"footnotes":""},"categories":[1],"tags":[],"class_list":["post-4823","post","type-post","status-publish","format-standard","has-post-thumbnail","hentry","category-allgemein"],"_links":{"self":[{"href":"https:\/\/nmsstleonhard-forst.ac.at\/index.php?rest_route=\/wp\/v2\/posts\/4823","targetHints":{"allow":["GET"]}}],"collection":[{"href":"https:\/\/nmsstleonhard-forst.ac.at\/index.php?rest_route=\/wp\/v2\/posts"}],"about":[{"href":"https:\/\/nmsstleonhard-forst.ac.at\/index.php?rest_route=\/wp\/v2\/types\/post"}],"author":[{"embeddable":true,"href":"https:\/\/nmsstleonhard-forst.ac.at\/index.php?rest_route=\/wp\/v2\/users\/2"}],"replies":[{"embeddable":true,"href":"https:\/\/nmsstleonhard-forst.ac.at\/index.php?rest_route=%2Fwp%2Fv2%2Fcomments&post=4823"}],"version-history":[{"count":1,"href":"https:\/\/nmsstleonhard-forst.ac.at\/index.php?rest_route=\/wp\/v2\/posts\/4823\/revisions"}],"predecessor-version":[{"id":4830,"href":"https:\/\/nmsstleonhard-forst.ac.at\/index.php?rest_route=\/wp\/v2\/posts\/4823\/revisions\/4830"}],"wp:featuredmedia":[{"embeddable":true,"href":"https:\/\/nmsstleonhard-forst.ac.at\/index.php?rest_route=\/wp\/v2\/media\/4829"}],"wp:attachment":[{"href":"https:\/\/nmsstleonhard-forst.ac.at\/index.php?rest_route=%2Fwp%2Fv2%2Fmedia&parent=4823"}],"wp:term":[{"taxonomy":"category","embeddable":true,"href":"https:\/\/nmsstleonhard-forst.ac.at\/index.php?rest_route=%2Fwp%2Fv2%2Fcategories&post=4823"},{"taxonomy":"post_tag","embeddable":true,"href":"https:\/\/nmsstleonhard-forst.ac.at\/index.php?rest_route=%2Fwp%2Fv2%2Ftags&post=4823"}],"curies":[{"name":"wp","href":"https:\/\/api.w.org\/{rel}","templated":true}]}}