{"id":10804,"date":"2025-06-25T10:49:28","date_gmt":"2025-06-25T08:49:28","guid":{"rendered":"https:\/\/nmsstleonhard-forst.ac.at\/?p=10804"},"modified":"2025-06-25T10:49:29","modified_gmt":"2025-06-25T08:49:29","slug":"letzte-schulwoche","status":"publish","type":"post","link":"https:\/\/nmsstleonhard-forst.ac.at\/?p=10804","title":{"rendered":"Letzte Schulwoche"},"content":{"rendered":"\n<p><\/p>\n\n\n\n<figure class=\"wp-block-gallery has-nested-images columns-default is-cropped wp-block-gallery-1 is-layout-flex wp-block-gallery-is-layout-flex\">\n<figure class=\"wp-block-image size-large\"><img loading=\"lazy\" decoding=\"async\" width=\"2560\" height=\"1920\" data-id=\"10808\" src=\"https:\/\/nmsstleonhard-forst.ac.at\/wp-content\/uploads\/2025\/06\/IMG_4428-scaled.jpeg\" alt=\"\" class=\"wp-image-10808\" srcset=\"https:\/\/nmsstleonhard-forst.ac.at\/wp-content\/uploads\/2025\/06\/IMG_4428-scaled.jpeg 2560w, https:\/\/nmsstleonhard-forst.ac.at\/wp-content\/uploads\/2025\/06\/IMG_4428-768x576.jpeg 768w, https:\/\/nmsstleonhard-forst.ac.at\/wp-content\/uploads\/2025\/06\/IMG_4428-1536x1152.jpeg 1536w, https:\/\/nmsstleonhard-forst.ac.at\/wp-content\/uploads\/2025\/06\/IMG_4428-2048x1536.jpeg 2048w\" sizes=\"auto, (max-width: 2560px) 100vw, 2560px\" \/><\/figure>\n\n\n\n<figure class=\"wp-block-image size-large\"><img loading=\"lazy\" decoding=\"async\" width=\"2560\" height=\"1920\" data-id=\"10805\" src=\"https:\/\/nmsstleonhard-forst.ac.at\/wp-content\/uploads\/2025\/06\/IMG_4430-scaled.jpeg\" alt=\"\" class=\"wp-image-10805\" srcset=\"https:\/\/nmsstleonhard-forst.ac.at\/wp-content\/uploads\/2025\/06\/IMG_4430-scaled.jpeg 2560w, https:\/\/nmsstleonhard-forst.ac.at\/wp-content\/uploads\/2025\/06\/IMG_4430-768x576.jpeg 768w, https:\/\/nmsstleonhard-forst.ac.at\/wp-content\/uploads\/2025\/06\/IMG_4430-1536x1152.jpeg 1536w, https:\/\/nmsstleonhard-forst.ac.at\/wp-content\/uploads\/2025\/06\/IMG_4430-2048x1536.jpeg 2048w\" sizes=\"auto, (max-width: 2560px) 100vw, 2560px\" \/><\/figure>\n\n\n\n<figure class=\"wp-block-image size-large\"><img loading=\"lazy\" decoding=\"async\" width=\"2560\" height=\"1920\" data-id=\"10806\" src=\"https:\/\/nmsstleonhard-forst.ac.at\/wp-content\/uploads\/2025\/06\/IMG_4433-scaled.jpeg\" alt=\"\" class=\"wp-image-10806\" srcset=\"https:\/\/nmsstleonhard-forst.ac.at\/wp-content\/uploads\/2025\/06\/IMG_4433-scaled.jpeg 2560w, https:\/\/nmsstleonhard-forst.ac.at\/wp-content\/uploads\/2025\/06\/IMG_4433-768x576.jpeg 768w, https:\/\/nmsstleonhard-forst.ac.at\/wp-content\/uploads\/2025\/06\/IMG_4433-1536x1152.jpeg 1536w, https:\/\/nmsstleonhard-forst.ac.at\/wp-content\/uploads\/2025\/06\/IMG_4433-2048x1536.jpeg 2048w\" sizes=\"auto, (max-width: 2560px) 100vw, 2560px\" \/><\/figure>\n\n\n\n<figure class=\"wp-block-image size-large\"><img loading=\"lazy\" decoding=\"async\" width=\"2560\" height=\"1920\" data-id=\"10807\" src=\"https:\/\/nmsstleonhard-forst.ac.at\/wp-content\/uploads\/2025\/06\/IMG_4460-scaled.jpeg\" alt=\"\" class=\"wp-image-10807\" srcset=\"https:\/\/nmsstleonhard-forst.ac.at\/wp-content\/uploads\/2025\/06\/IMG_4460-scaled.jpeg 2560w, https:\/\/nmsstleonhard-forst.ac.at\/wp-content\/uploads\/2025\/06\/IMG_4460-768x576.jpeg 768w, https:\/\/nmsstleonhard-forst.ac.at\/wp-content\/uploads\/2025\/06\/IMG_4460-1536x1152.jpeg 1536w, https:\/\/nmsstleonhard-forst.ac.at\/wp-content\/uploads\/2025\/06\/IMG_4460-2048x1536.jpeg 2048w\" sizes=\"auto, (max-width: 2560px) 100vw, 2560px\" \/><\/figure>\n<\/figure>\n\n\n\n<p>Das Schuljahr neigt sich dem Ende zu und auch im Schulalltag ist dies zu merken. Unsere Sch\u00fclerInnen erleben in ihren letzten Schultagen dieses Jahr ein buntes und vielf\u00e4ltiges Programm, welches unterschiedliche Interessen und St\u00e4rken anspricht und f\u00f6rdert.<\/p>\n\n\n\n<p>Der Fenstertag am Freitag bildete den Startschuss zum abwechslungsreichen Schulausklang. Vom Wientag der zweiten Klassen mit einer F\u00fchrung und einem Workshop im Kunsthistorischen Museum \u00fcber einen Besuch der vierten Klassen im KZ Melk bis hin zum interessanten Besuch in der Autowerkstatt Pretz der dritten Klassen wurde der Tag spannend f\u00fcr alle gestaltet.<\/p>\n\n\n\n<p>Am Montag in der letzten Schulwoche standen f\u00fcr unsere Sch\u00fclerInnen verschiedene Highlights am Programm. So wanderten die 1a und die 1b zur Hanfwelt, w\u00e4hrend die 1c das Lagerhaus und das F\u00f6rderzentrum besichtigten. Die zweiten Klassen statteten einem Imker und der Feuerwehr einen Besuch ab. Die ARGES Grabenegg war das Ziel unserer dritten Klassen, w\u00e4hrend die vierten Klassen interessante Informationen \u00fcber die Aufgaben des Gemeindeamtes und des B\u00fcrgermeisters auf der Gemeinde St. Leonhard \/ Forst erhielten und sich \u00fcber Geldangelegenheiten bei der Raiffeisenbank informierten.<\/p>\n\n\n\n<p>Dienstag war traditionell unser Workshoptag, wo Sch\u00fclerInnen aus verschiedensten Angeboten frei nach ihrem Interesse w\u00e4hlen konnten. Vom K\u00f6rbe flechten, \u00fcber einen Tag im Freibad oder einer Rad- oder Klettertour bis hin zu dem L\u00f6sen von kniffligen R\u00e4tseln in einem Escape Room war f\u00fcr jedem Geschmack etwas dabei.<\/p>\n\n\n\n<p>Am Mittwoch machten die ersten Klassen Wien unsicher, w\u00e4hrend die zweiten Klassen das sch\u00f6ne Wetter f\u00fcr eine Wanderung zur Melk\u2013Mank\u2013M\u00fcndung mit anschlie\u00dfendem Grillen nutzten. Unsere dritten Klassen wanderten gemeinsam mit den kommenden Schulanf\u00e4ngern des Kindergartens zu den R\u00f6merh\u00f6hlen. &nbsp;Die vierten Klassen arbeiteten am Feinschliff f\u00fcr ihre Schulentlassfeier.<\/p>\n\n\n\n<p>Die ersten zwei Stunden des Donnerstags wurden noch f\u00fcr Organisatorisches genutzt. Die beiden folgenden Stunden genossen alle Klassen gemeinsam bei der Schulfeier im gro\u00dfen Turnsaal. Unsere vierten Klassen blickten im Anschluss daran bei der Schulentlassfeier auf die letzten vier gemeinsamen Jahre zur\u00fcck und wurden verabschiedet.<\/p>\n\n\n\n<p>Am Freitag feierten alle Klassen gemeinsam die Schulschlussmesse und im Anschluss wurden die Zeugnisse verteilt.<\/p>\n\n\n\n<p>Wir w\u00fcnschen allen Sch\u00fclerInnen erholsame Ferien mit vielen wunderbaren Erlebnissen und freuen uns bereits auf das n\u00e4chste Schuljahr.<\/p>\n","protected":false},"excerpt":{"rendered":"<p>Das Schuljahr neigt sich dem Ende zu und auch im Schulalltag ist dies zu merken. Unsere Sch\u00fclerInnen erleben in ihren letzten Schultagen dieses Jahr ein buntes und vielf\u00e4ltiges Programm, welches unterschiedliche Interessen und St\u00e4rken anspricht und f\u00f6rdert. Der Fenstertag am Freitag bildete den Startschuss zum <a class=\"more-link\" href=\"https:\/\/nmsstleonhard-forst.ac.at\/?p=10804\">Weiterlesen\u00a0\u2026<\/a><\/p>\n","protected":false},"author":8,"featured_media":10809,"comment_status":"closed","ping_status":"closed","sticky":false,"template":"","format":"standard","meta":{"footnotes":""},"categories":[1],"tags":[],"class_list":["post-10804","post","type-post","status-publish","format-standard","has-post-thumbnail","hentry","category-allgemein"],"_links":{"self":[{"href":"https:\/\/nmsstleonhard-forst.ac.at\/index.php?rest_route=\/wp\/v2\/posts\/10804","targetHints":{"allow":["GET"]}}],"collection":[{"href":"https:\/\/nmsstleonhard-forst.ac.at\/index.php?rest_route=\/wp\/v2\/posts"}],"about":[{"href":"https:\/\/nmsstleonhard-forst.ac.at\/index.php?rest_route=\/wp\/v2\/types\/post"}],"author":[{"embeddable":true,"href":"https:\/\/nmsstleonhard-forst.ac.at\/index.php?rest_route=\/wp\/v2\/users\/8"}],"replies":[{"embeddable":true,"href":"https:\/\/nmsstleonhard-forst.ac.at\/index.php?rest_route=%2Fwp%2Fv2%2Fcomments&post=10804"}],"version-history":[{"count":1,"href":"https:\/\/nmsstleonhard-forst.ac.at\/index.php?rest_route=\/wp\/v2\/posts\/10804\/revisions"}],"predecessor-version":[{"id":10810,"href":"https:\/\/nmsstleonhard-forst.ac.at\/index.php?rest_route=\/wp\/v2\/posts\/10804\/revisions\/10810"}],"wp:featuredmedia":[{"embeddable":true,"href":"https:\/\/nmsstleonhard-forst.ac.at\/index.php?rest_route=\/wp\/v2\/media\/10809"}],"wp:attachment":[{"href":"https:\/\/nmsstleonhard-forst.ac.at\/index.php?rest_route=%2Fwp%2Fv2%2Fmedia&parent=10804"}],"wp:term":[{"taxonomy":"category","embeddable":true,"href":"https:\/\/nmsstleonhard-forst.ac.at\/index.php?rest_route=%2Fwp%2Fv2%2Fcategories&post=10804"},{"taxonomy":"post_tag","embeddable":true,"href":"https:\/\/nmsstleonhard-forst.ac.at\/index.php?rest_route=%2Fwp%2Fv2%2Ftags&post=10804"}],"curies":[{"name":"wp","href":"https:\/\/api.w.org\/{rel}","templated":true}]}}